{"id":11086,"date":"2026-04-29T11:06:58","date_gmt":"2026-04-29T11:06:58","guid":{"rendered":"https:\/\/visitkastav-klana.hr\/?p=11086"},"modified":"2026-04-29T11:07:01","modified_gmt":"2026-04-29T11:07:01","slug":"258-zeleni-kastav-4-5-2026","status":"publish","type":"post","link":"https:\/\/visitkastav-klana.hr\/it\/2026\/04\/29\/258-zeleni-kastav-4-5-2026\/","title":{"rendered":"258. Zeleni Kastav, 4.5.2026."},"content":{"rendered":"\n<p>U tijeku je organizacija jednog dodatnog sajma zbog aktualne potra\u017enje za presadnicama, a koji \u0107e se odr\u017eati u ponedjeljak 04. 05. 2026. od 17:00 do 20:00 sati na \u0160porovoj jami u Kastvu. U slu\u010daju ki\u0161e, sajam \u0107e se odr\u017eati u natkrivenom parkirnom prostoru sportske dvorane Matija Katalini\u0107 u Kastvu.<\/p>\n\n\n\n<p>Irena Kukurin Bari\u0107<\/p>\n\n\n\n<figure class=\"wp-block-gallery has-nested-images columns-default is-cropped wp-block-gallery-1 is-layout-flex wp-block-gallery-is-layout-flex\">\n<figure class=\"wp-block-image size-large\"><img fetchpriority=\"high\" decoding=\"async\" width=\"1024\" height=\"768\" data-id=\"11117\" src=\"https:\/\/visitkastav-klana.hr\/wp-content\/uploads\/2026\/04\/476389640_1033702788773370_7971388469332863458_n-1-1-1024x768.jpg\" alt=\"\" class=\"wp-image-11117\" srcset=\"https:\/\/visitkastav-klana.hr\/wp-content\/uploads\/2026\/04\/476389640_1033702788773370_7971388469332863458_n-1-1-1024x768.jpg 1024w, https:\/\/visitkastav-klana.hr\/wp-content\/uploads\/2026\/04\/476389640_1033702788773370_7971388469332863458_n-1-1-300x225.jpg 300w, https:\/\/visitkastav-klana.hr\/wp-content\/uploads\/2026\/04\/476389640_1033702788773370_7971388469332863458_n-1-1-768x576.jpg 768w, https:\/\/visitkastav-klana.hr\/wp-content\/uploads\/2026\/04\/476389640_1033702788773370_7971388469332863458_n-1-1-rotated.jpg 1440w\" sizes=\"(max-width: 1024px) 100vw, 1024px\" \/><\/figure>\n\n\n\n<figure class=\"wp-block-image size-large\"><img decoding=\"async\" width=\"461\" height=\"1024\" data-id=\"11096\" src=\"https:\/\/visitkastav-klana.hr\/wp-content\/uploads\/2026\/04\/486370986_1066376322172683_2110422020530992195_n-1-1-461x1024.jpg\" alt=\"\" class=\"wp-image-11096\" srcset=\"https:\/\/visitkastav-klana.hr\/wp-content\/uploads\/2026\/04\/486370986_1066376322172683_2110422020530992195_n-1-1-461x1024.jpg 461w, https:\/\/visitkastav-klana.hr\/wp-content\/uploads\/2026\/04\/486370986_1066376322172683_2110422020530992195_n-1-1-135x300.jpg 135w, https:\/\/visitkastav-klana.hr\/wp-content\/uploads\/2026\/04\/486370986_1066376322172683_2110422020530992195_n-1-1-768x1706.jpg 768w, https:\/\/visitkastav-klana.hr\/wp-content\/uploads\/2026\/04\/486370986_1066376322172683_2110422020530992195_n-1-1-692x1536.jpg 692w, https:\/\/visitkastav-klana.hr\/wp-content\/uploads\/2026\/04\/486370986_1066376322172683_2110422020530992195_n-1-1.jpg 922w\" sizes=\"(max-width: 461px) 100vw, 461px\" \/><\/figure>\n\n\n\n<figure class=\"wp-block-image size-large\"><img decoding=\"async\" width=\"443\" height=\"590\" data-id=\"11087\" src=\"https:\/\/visitkastav-klana.hr\/wp-content\/uploads\/2026\/04\/487136723_1072583674885281_7069084719950033728_n-4.jpg\" alt=\"\" class=\"wp-image-11087\" srcset=\"https:\/\/visitkastav-klana.hr\/wp-content\/uploads\/2026\/04\/487136723_1072583674885281_7069084719950033728_n-4.jpg 443w, https:\/\/visitkastav-klana.hr\/wp-content\/uploads\/2026\/04\/487136723_1072583674885281_7069084719950033728_n-4-225x300.jpg 225w\" sizes=\"(max-width: 443px) 100vw, 443px\" \/><\/figure>\n\n\n\n<figure class=\"wp-block-image size-large\"><img loading=\"lazy\" decoding=\"async\" width=\"1024\" height=\"1024\" data-id=\"11133\" src=\"https:\/\/visitkastav-klana.hr\/wp-content\/uploads\/2026\/04\/679554588_1388321096644869_3783213949918261540_n-1024x1024.jpg\" alt=\"\" class=\"wp-image-11133\" srcset=\"https:\/\/visitkastav-klana.hr\/wp-content\/uploads\/2026\/04\/679554588_1388321096644869_3783213949918261540_n-1024x1024.jpg 1024w, https:\/\/visitkastav-klana.hr\/wp-content\/uploads\/2026\/04\/679554588_1388321096644869_3783213949918261540_n-300x300.jpg 300w, https:\/\/visitkastav-klana.hr\/wp-content\/uploads\/2026\/04\/679554588_1388321096644869_3783213949918261540_n-150x150.jpg 150w, https:\/\/visitkastav-klana.hr\/wp-content\/uploads\/2026\/04\/679554588_1388321096644869_3783213949918261540_n-768x768.jpg 768w, https:\/\/visitkastav-klana.hr\/wp-content\/uploads\/2026\/04\/679554588_1388321096644869_3783213949918261540_n-1536x1536.jpg 1536w, https:\/\/visitkastav-klana.hr\/wp-content\/uploads\/2026\/04\/679554588_1388321096644869_3783213949918261540_n.jpg 2048w\" sizes=\"(max-width: 1024px) 100vw, 1024px\" \/><\/figure>\n\n\n\n<figure class=\"wp-block-image size-large\"><img loading=\"lazy\" decoding=\"async\" width=\"1024\" height=\"577\" data-id=\"11111\" src=\"https:\/\/visitkastav-klana.hr\/wp-content\/uploads\/2026\/04\/679558221_1658779389042794_7912662202112550361_n-1024x577.jpg\" alt=\"\" class=\"wp-image-11111\" srcset=\"https:\/\/visitkastav-klana.hr\/wp-content\/uploads\/2026\/04\/679558221_1658779389042794_7912662202112550361_n-1024x577.jpg 1024w, https:\/\/visitkastav-klana.hr\/wp-content\/uploads\/2026\/04\/679558221_1658779389042794_7912662202112550361_n-300x169.jpg 300w, https:\/\/visitkastav-klana.hr\/wp-content\/uploads\/2026\/04\/679558221_1658779389042794_7912662202112550361_n-768x432.jpg 768w, https:\/\/visitkastav-klana.hr\/wp-content\/uploads\/2026\/04\/679558221_1658779389042794_7912662202112550361_n-1536x865.jpg 1536w, https:\/\/visitkastav-klana.hr\/wp-content\/uploads\/2026\/04\/679558221_1658779389042794_7912662202112550361_n.jpg 2048w\" sizes=\"(max-width: 1024px) 100vw, 1024px\" \/><\/figure>\n\n\n\n<figure class=\"wp-block-image size-large\"><img loading=\"lazy\" decoding=\"async\" width=\"1024\" height=\"1024\" data-id=\"11107\" src=\"https:\/\/visitkastav-klana.hr\/wp-content\/uploads\/2026\/04\/679616218_1388320926644886_5249772540725731578_n-1024x1024.jpg\" alt=\"\" class=\"wp-image-11107\" srcset=\"https:\/\/visitkastav-klana.hr\/wp-content\/uploads\/2026\/04\/679616218_1388320926644886_5249772540725731578_n-1024x1024.jpg 1024w, https:\/\/visitkastav-klana.hr\/wp-content\/uploads\/2026\/04\/679616218_1388320926644886_5249772540725731578_n-300x300.jpg 300w, https:\/\/visitkastav-klana.hr\/wp-content\/uploads\/2026\/04\/679616218_1388320926644886_5249772540725731578_n-150x150.jpg 150w, https:\/\/visitkastav-klana.hr\/wp-content\/uploads\/2026\/04\/679616218_1388320926644886_5249772540725731578_n-768x768.jpg 768w, https:\/\/visitkastav-klana.hr\/wp-content\/uploads\/2026\/04\/679616218_1388320926644886_5249772540725731578_n-1536x1536.jpg 1536w, https:\/\/visitkastav-klana.hr\/wp-content\/uploads\/2026\/04\/679616218_1388320926644886_5249772540725731578_n.jpg 2048w\" sizes=\"(max-width: 1024px) 100vw, 1024px\" \/><\/figure>\n\n\n\n<figure class=\"wp-block-image size-large\"><img loading=\"lazy\" decoding=\"async\" width=\"1024\" height=\"1024\" data-id=\"11132\" src=\"https:\/\/visitkastav-klana.hr\/wp-content\/uploads\/2026\/04\/679681488_1388321393311506_4406779590541590321_n-1024x1024.jpg\" alt=\"\" class=\"wp-image-11132\" srcset=\"https:\/\/visitkastav-klana.hr\/wp-content\/uploads\/2026\/04\/679681488_1388321393311506_4406779590541590321_n-1024x1024.jpg 1024w, https:\/\/visitkastav-klana.hr\/wp-content\/uploads\/2026\/04\/679681488_1388321393311506_4406779590541590321_n-300x300.jpg 300w, https:\/\/visitkastav-klana.hr\/wp-content\/uploads\/2026\/04\/679681488_1388321393311506_4406779590541590321_n-150x150.jpg 150w, https:\/\/visitkastav-klana.hr\/wp-content\/uploads\/2026\/04\/679681488_1388321393311506_4406779590541590321_n-768x768.jpg 768w, https:\/\/visitkastav-klana.hr\/wp-content\/uploads\/2026\/04\/679681488_1388321393311506_4406779590541590321_n-1536x1536.jpg 1536w, https:\/\/visitkastav-klana.hr\/wp-content\/uploads\/2026\/04\/679681488_1388321393311506_4406779590541590321_n.jpg 2048w\" sizes=\"(max-width: 1024px) 100vw, 1024px\" \/><\/figure>\n\n\n\n<figure class=\"wp-block-image size-large\"><img loading=\"lazy\" decoding=\"async\" width=\"1024\" height=\"1024\" data-id=\"11104\" src=\"https:\/\/visitkastav-klana.hr\/wp-content\/uploads\/2026\/04\/679825107_1388331569977155_7668027299399908493_n-1024x1024.jpg\" alt=\"\" class=\"wp-image-11104\" srcset=\"https:\/\/visitkastav-klana.hr\/wp-content\/uploads\/2026\/04\/679825107_1388331569977155_7668027299399908493_n-1024x1024.jpg 1024w, https:\/\/visitkastav-klana.hr\/wp-content\/uploads\/2026\/04\/679825107_1388331569977155_7668027299399908493_n-300x300.jpg 300w, https:\/\/visitkastav-klana.hr\/wp-content\/uploads\/2026\/04\/679825107_1388331569977155_7668027299399908493_n-150x150.jpg 150w, https:\/\/visitkastav-klana.hr\/wp-content\/uploads\/2026\/04\/679825107_1388331569977155_7668027299399908493_n-768x768.jpg 768w, https:\/\/visitkastav-klana.hr\/wp-content\/uploads\/2026\/04\/679825107_1388331569977155_7668027299399908493_n-1536x1536.jpg 1536w, https:\/\/visitkastav-klana.hr\/wp-content\/uploads\/2026\/04\/679825107_1388331569977155_7668027299399908493_n.jpg 2048w\" sizes=\"(max-width: 1024px) 100vw, 1024px\" \/><\/figure>\n\n\n\n<figure class=\"wp-block-image size-large\"><img loading=\"lazy\" decoding=\"async\" width=\"1024\" height=\"1024\" data-id=\"11142\" src=\"https:\/\/visitkastav-klana.hr\/wp-content\/uploads\/2026\/04\/679838701_1388321629978149_812046752133768924_n-1024x1024.jpg\" alt=\"\" class=\"wp-image-11142\" srcset=\"https:\/\/visitkastav-klana.hr\/wp-content\/uploads\/2026\/04\/679838701_1388321629978149_812046752133768924_n-1024x1024.jpg 1024w, https:\/\/visitkastav-klana.hr\/wp-content\/uploads\/2026\/04\/679838701_1388321629978149_812046752133768924_n-300x300.jpg 300w, https:\/\/visitkastav-klana.hr\/wp-content\/uploads\/2026\/04\/679838701_1388321629978149_812046752133768924_n-150x150.jpg 150w, https:\/\/visitkastav-klana.hr\/wp-content\/uploads\/2026\/04\/679838701_1388321629978149_812046752133768924_n-768x768.jpg 768w, https:\/\/visitkastav-klana.hr\/wp-content\/uploads\/2026\/04\/679838701_1388321629978149_812046752133768924_n-1536x1536.jpg 1536w, https:\/\/visitkastav-klana.hr\/wp-content\/uploads\/2026\/04\/679838701_1388321629978149_812046752133768924_n.jpg 2048w\" sizes=\"(max-width: 1024px) 100vw, 1024px\" \/><\/figure>\n\n\n\n<figure class=\"wp-block-image size-large\"><img loading=\"lazy\" decoding=\"async\" width=\"1024\" height=\"1024\" data-id=\"11138\" src=\"https:\/\/visitkastav-klana.hr\/wp-content\/uploads\/2026\/04\/679929294_1388321453311500_5772910782126033873_n-1024x1024.jpg\" alt=\"\" class=\"wp-image-11138\" srcset=\"https:\/\/visitkastav-klana.hr\/wp-content\/uploads\/2026\/04\/679929294_1388321453311500_5772910782126033873_n-1024x1024.jpg 1024w, https:\/\/visitkastav-klana.hr\/wp-content\/uploads\/2026\/04\/679929294_1388321453311500_5772910782126033873_n-300x300.jpg 300w, https:\/\/visitkastav-klana.hr\/wp-content\/uploads\/2026\/04\/679929294_1388321453311500_5772910782126033873_n-150x150.jpg 150w, https:\/\/visitkastav-klana.hr\/wp-content\/uploads\/2026\/04\/679929294_1388321453311500_5772910782126033873_n-768x768.jpg 768w, https:\/\/visitkastav-klana.hr\/wp-content\/uploads\/2026\/04\/679929294_1388321453311500_5772910782126033873_n-1536x1536.jpg 1536w, https:\/\/visitkastav-klana.hr\/wp-content\/uploads\/2026\/04\/679929294_1388321453311500_5772910782126033873_n.jpg 2048w\" sizes=\"(max-width: 1024px) 100vw, 1024px\" \/><\/figure>\n\n\n\n<figure class=\"wp-block-image size-large\"><img loading=\"lazy\" decoding=\"async\" width=\"1024\" height=\"1024\" data-id=\"11105\" src=\"https:\/\/visitkastav-klana.hr\/wp-content\/uploads\/2026\/04\/680002676_1388320549978257_5755366146175704039_n-1024x1024.jpg\" alt=\"\" class=\"wp-image-11105\" srcset=\"https:\/\/visitkastav-klana.hr\/wp-content\/uploads\/2026\/04\/680002676_1388320549978257_5755366146175704039_n-1024x1024.jpg 1024w, https:\/\/visitkastav-klana.hr\/wp-content\/uploads\/2026\/04\/680002676_1388320549978257_5755366146175704039_n-300x300.jpg 300w, https:\/\/visitkastav-klana.hr\/wp-content\/uploads\/2026\/04\/680002676_1388320549978257_5755366146175704039_n-150x150.jpg 150w, https:\/\/visitkastav-klana.hr\/wp-content\/uploads\/2026\/04\/680002676_1388320549978257_5755366146175704039_n-768x768.jpg 768w, https:\/\/visitkastav-klana.hr\/wp-content\/uploads\/2026\/04\/680002676_1388320549978257_5755366146175704039_n-1536x1536.jpg 1536w, https:\/\/visitkastav-klana.hr\/wp-content\/uploads\/2026\/04\/680002676_1388320549978257_5755366146175704039_n.jpg 2048w\" sizes=\"(max-width: 1024px) 100vw, 1024px\" \/><\/figure>\n\n\n\n<figure class=\"wp-block-image size-large\"><img loading=\"lazy\" decoding=\"async\" width=\"1024\" height=\"1024\" data-id=\"11116\" src=\"https:\/\/visitkastav-klana.hr\/wp-content\/uploads\/2026\/04\/680012433_1388330299977282_5322855691925533457_n-1024x1024.jpg\" alt=\"\" class=\"wp-image-11116\" srcset=\"https:\/\/visitkastav-klana.hr\/wp-content\/uploads\/2026\/04\/680012433_1388330299977282_5322855691925533457_n-1024x1024.jpg 1024w, https:\/\/visitkastav-klana.hr\/wp-content\/uploads\/2026\/04\/680012433_1388330299977282_5322855691925533457_n-300x300.jpg 300w, https:\/\/visitkastav-klana.hr\/wp-content\/uploads\/2026\/04\/680012433_1388330299977282_5322855691925533457_n-150x150.jpg 150w, https:\/\/visitkastav-klana.hr\/wp-content\/uploads\/2026\/04\/680012433_1388330299977282_5322855691925533457_n-768x768.jpg 768w, https:\/\/visitkastav-klana.hr\/wp-content\/uploads\/2026\/04\/680012433_1388330299977282_5322855691925533457_n-1536x1536.jpg 1536w, https:\/\/visitkastav-klana.hr\/wp-content\/uploads\/2026\/04\/680012433_1388330299977282_5322855691925533457_n.jpg 2048w\" sizes=\"(max-width: 1024px) 100vw, 1024px\" \/><\/figure>\n\n\n\n<figure class=\"wp-block-image size-large\"><img loading=\"lazy\" decoding=\"async\" width=\"1024\" height=\"1024\" data-id=\"11115\" src=\"https:\/\/visitkastav-klana.hr\/wp-content\/uploads\/2026\/04\/680252467_1388331879977124_8709334133375224802_n-1-1024x1024.jpg\" alt=\"\" class=\"wp-image-11115\" srcset=\"https:\/\/visitkastav-klana.hr\/wp-content\/uploads\/2026\/04\/680252467_1388331879977124_8709334133375224802_n-1-1024x1024.jpg 1024w, https:\/\/visitkastav-klana.hr\/wp-content\/uploads\/2026\/04\/680252467_1388331879977124_8709334133375224802_n-1-300x300.jpg 300w, https:\/\/visitkastav-klana.hr\/wp-content\/uploads\/2026\/04\/680252467_1388331879977124_8709334133375224802_n-1-150x150.jpg 150w, https:\/\/visitkastav-klana.hr\/wp-content\/uploads\/2026\/04\/680252467_1388331879977124_8709334133375224802_n-1-768x768.jpg 768w, https:\/\/visitkastav-klana.hr\/wp-content\/uploads\/2026\/04\/680252467_1388331879977124_8709334133375224802_n-1-1536x1536.jpg 1536w, https:\/\/visitkastav-klana.hr\/wp-content\/uploads\/2026\/04\/680252467_1388331879977124_8709334133375224802_n-1.jpg 2048w\" sizes=\"(max-width: 1024px) 100vw, 1024px\" \/><\/figure>\n\n\n\n<figure class=\"wp-block-image size-large\"><img loading=\"lazy\" decoding=\"async\" width=\"1024\" height=\"1024\" data-id=\"11143\" src=\"https:\/\/visitkastav-klana.hr\/wp-content\/uploads\/2026\/04\/680286991_1388320823311563_4150410408179665610_n-1024x1024.jpg\" alt=\"\" class=\"wp-image-11143\" srcset=\"https:\/\/visitkastav-klana.hr\/wp-content\/uploads\/2026\/04\/680286991_1388320823311563_4150410408179665610_n-1024x1024.jpg 1024w, https:\/\/visitkastav-klana.hr\/wp-content\/uploads\/2026\/04\/680286991_1388320823311563_4150410408179665610_n-300x300.jpg 300w, https:\/\/visitkastav-klana.hr\/wp-content\/uploads\/2026\/04\/680286991_1388320823311563_4150410408179665610_n-150x150.jpg 150w, https:\/\/visitkastav-klana.hr\/wp-content\/uploads\/2026\/04\/680286991_1388320823311563_4150410408179665610_n-768x768.jpg 768w, https:\/\/visitkastav-klana.hr\/wp-content\/uploads\/2026\/04\/680286991_1388320823311563_4150410408179665610_n-1536x1536.jpg 1536w, https:\/\/visitkastav-klana.hr\/wp-content\/uploads\/2026\/04\/680286991_1388320823311563_4150410408179665610_n.jpg 2048w\" sizes=\"(max-width: 1024px) 100vw, 1024px\" \/><\/figure>\n\n\n\n<figure class=\"wp-block-image size-large\"><img loading=\"lazy\" decoding=\"async\" width=\"590\" height=\"443\" data-id=\"11095\" src=\"https:\/\/visitkastav-klana.hr\/wp-content\/uploads\/2026\/04\/682084595_1389310446545934_1287971880368930671_n.jpg\" alt=\"\" class=\"wp-image-11095\" srcset=\"https:\/\/visitkastav-klana.hr\/wp-content\/uploads\/2026\/04\/682084595_1389310446545934_1287971880368930671_n.jpg 590w, https:\/\/visitkastav-klana.hr\/wp-content\/uploads\/2026\/04\/682084595_1389310446545934_1287971880368930671_n-300x225.jpg 300w\" sizes=\"(max-width: 590px) 100vw, 590px\" \/><\/figure>\n<\/figure>\n","protected":false},"excerpt":{"rendered":"<p>U tijeku je organizacija jednog dodatnog sajma zbog aktualne potra\u017enje za presadnicama, a koji \u0107e se odr\u017eati u ponedjeljak 04. 05. 2026. od 17:00 do 20:00 sati na \u0160porovoj jami u Kastvu. U slu\u010daju ki\u0161e, sajam \u0107e se odr\u017eati u natkrivenom parkirnom prostoru sportske dvorane Matija Katalini\u0107 u Kastvu. Irena Kukurin Bari\u0107<\/p>\n","protected":false},"author":3,"featured_media":11111,"comment_status":"closed","ping_status":"closed","sticky":false,"template":"","format":"standard","meta":{"_acf_changed":false,"footnotes":""},"categories":[9],"tags":[],"class_list":["post-11086","post","type-post","status-publish","format-standard","has-post-thumbnail","hentry","category-vijesti"],"acf":[],"yoast_head":"<!-- This site is optimized with the Yoast SEO plugin v23.8 - https:\/\/yoast.com\/wordpress\/plugins\/seo\/ -->\n<title>258. Zeleni Kastav, 4.5.2026. - Visit Kastav<\/title>\n<meta name=\"robots\" content=\"index, follow, max-snippet:-1, max-image-preview:large, max-video-preview:-1\" \/>\n<link rel=\"canonical\" href=\"https:\/\/visitkastav-klana.hr\/2026\/04\/29\/258-zeleni-kastav-4-5-2026\/\" \/>\n<meta property=\"og:locale\" content=\"it_IT\" \/>\n<meta property=\"og:type\" content=\"article\" \/>\n<meta property=\"og:title\" content=\"258. Zeleni Kastav, 4.5.2026. - Visit Kastav\" \/>\n<meta property=\"og:description\" content=\"U tijeku je organizacija jednog dodatnog sajma zbog aktualne potra\u017enje za presadnicama, a koji \u0107e se odr\u017eati u ponedjeljak 04. 05. 2026. od 17:00 do 20:00 sati na \u0160porovoj jami u Kastvu. U slu\u010daju ki\u0161e, sajam \u0107e se odr\u017eati u natkrivenom parkirnom prostoru sportske dvorane Matija Katalini\u0107 u Kastvu. Irena Kukurin Bari\u0107\" \/>\n<meta property=\"og:url\" content=\"https:\/\/visitkastav-klana.hr\/2026\/04\/29\/258-zeleni-kastav-4-5-2026\/\" \/>\n<meta property=\"og:site_name\" content=\"Visit Kastav\" \/>\n<meta property=\"article:publisher\" content=\"https:\/\/www.facebook.com\/visitkastav\/\" \/>\n<meta property=\"article:published_time\" content=\"2026-04-29T11:06:58+00:00\" \/>\n<meta property=\"article:modified_time\" content=\"2026-04-29T11:07:01+00:00\" \/>\n<meta property=\"og:image\" content=\"https:\/\/visitkastav-klana.hr\/wp-content\/uploads\/2026\/04\/679558221_1658779389042794_7912662202112550361_n.jpg\" \/>\n\t<meta property=\"og:image:width\" content=\"2048\" \/>\n\t<meta property=\"og:image:height\" content=\"1153\" \/>\n\t<meta property=\"og:image:type\" content=\"image\/jpeg\" \/>\n<meta name=\"author\" content=\"visitkastav_web\" \/>\n<meta name=\"twitter:card\" content=\"summary_large_image\" \/>\n<meta name=\"twitter:label1\" content=\"Scritto da\" \/>\n\t<meta name=\"twitter:data1\" content=\"visitkastav_web\" \/>\n\t<meta name=\"twitter:label2\" content=\"Tempo di lettura stimato\" \/>\n\t<meta name=\"twitter:data2\" content=\"4 minuti\" \/>\n<script type=\"application\/ld+json\" class=\"yoast-schema-graph\">{\"@context\":\"https:\/\/schema.org\",\"@graph\":[{\"@type\":\"Article\",\"@id\":\"https:\/\/visitkastav-klana.hr\/2026\/04\/29\/258-zeleni-kastav-4-5-2026\/#article\",\"isPartOf\":{\"@id\":\"https:\/\/visitkastav-klana.hr\/2026\/04\/29\/258-zeleni-kastav-4-5-2026\/\"},\"author\":{\"name\":\"visitkastav_web\",\"@id\":\"https:\/\/visitkastav-klana.hr\/en\/#\/schema\/person\/a347227dc696f1deeb02af5da85db453\"},\"headline\":\"258. Zeleni Kastav, 4.5.2026.\",\"datePublished\":\"2026-04-29T11:06:58+00:00\",\"dateModified\":\"2026-04-29T11:07:01+00:00\",\"mainEntityOfPage\":{\"@id\":\"https:\/\/visitkastav-klana.hr\/2026\/04\/29\/258-zeleni-kastav-4-5-2026\/\"},\"wordCount\":54,\"publisher\":{\"@id\":\"https:\/\/visitkastav-klana.hr\/en\/#organization\"},\"image\":{\"@id\":\"https:\/\/visitkastav-klana.hr\/2026\/04\/29\/258-zeleni-kastav-4-5-2026\/#primaryimage\"},\"thumbnailUrl\":\"https:\/\/visitkastav-klana.hr\/wp-content\/uploads\/2026\/04\/679558221_1658779389042794_7912662202112550361_n.jpg\",\"articleSection\":[\"Vijesti\"],\"inLanguage\":\"it-IT\"},{\"@type\":\"WebPage\",\"@id\":\"https:\/\/visitkastav-klana.hr\/2026\/04\/29\/258-zeleni-kastav-4-5-2026\/\",\"url\":\"https:\/\/visitkastav-klana.hr\/2026\/04\/29\/258-zeleni-kastav-4-5-2026\/\",\"name\":\"258. Zeleni Kastav, 4.5.2026. - Visit Kastav\",\"isPartOf\":{\"@id\":\"https:\/\/visitkastav-klana.hr\/en\/#website\"},\"primaryImageOfPage\":{\"@id\":\"https:\/\/visitkastav-klana.hr\/2026\/04\/29\/258-zeleni-kastav-4-5-2026\/#primaryimage\"},\"image\":{\"@id\":\"https:\/\/visitkastav-klana.hr\/2026\/04\/29\/258-zeleni-kastav-4-5-2026\/#primaryimage\"},\"thumbnailUrl\":\"https:\/\/visitkastav-klana.hr\/wp-content\/uploads\/2026\/04\/679558221_1658779389042794_7912662202112550361_n.jpg\",\"datePublished\":\"2026-04-29T11:06:58+00:00\",\"dateModified\":\"2026-04-29T11:07:01+00:00\",\"breadcrumb\":{\"@id\":\"https:\/\/visitkastav-klana.hr\/2026\/04\/29\/258-zeleni-kastav-4-5-2026\/#breadcrumb\"},\"inLanguage\":\"it-IT\",\"potentialAction\":[{\"@type\":\"ReadAction\",\"target\":[\"https:\/\/visitkastav-klana.hr\/2026\/04\/29\/258-zeleni-kastav-4-5-2026\/\"]}]},{\"@type\":\"ImageObject\",\"inLanguage\":\"it-IT\",\"@id\":\"https:\/\/visitkastav-klana.hr\/2026\/04\/29\/258-zeleni-kastav-4-5-2026\/#primaryimage\",\"url\":\"https:\/\/visitkastav-klana.hr\/wp-content\/uploads\/2026\/04\/679558221_1658779389042794_7912662202112550361_n.jpg\",\"contentUrl\":\"https:\/\/visitkastav-klana.hr\/wp-content\/uploads\/2026\/04\/679558221_1658779389042794_7912662202112550361_n.jpg\",\"width\":2048,\"height\":1153},{\"@type\":\"BreadcrumbList\",\"@id\":\"https:\/\/visitkastav-klana.hr\/2026\/04\/29\/258-zeleni-kastav-4-5-2026\/#breadcrumb\",\"itemListElement\":[{\"@type\":\"ListItem\",\"position\":1,\"name\":\"Po\u010detna stranica\",\"item\":\"https:\/\/visitkastav-klana.hr\/\"},{\"@type\":\"ListItem\",\"position\":2,\"name\":\"258. Zeleni Kastav, 4.5.2026.\"}]},{\"@type\":\"WebSite\",\"@id\":\"https:\/\/visitkastav-klana.hr\/en\/#website\",\"url\":\"https:\/\/visitkastav-klana.hr\/en\/\",\"name\":\"Visit Kastav\",\"description\":\"Turisti\u010dka zajednica Grada Kastva\",\"publisher\":{\"@id\":\"https:\/\/visitkastav-klana.hr\/en\/#organization\"},\"alternateName\":\"Visit Kastav\",\"potentialAction\":[{\"@type\":\"SearchAction\",\"target\":{\"@type\":\"EntryPoint\",\"urlTemplate\":\"https:\/\/visitkastav-klana.hr\/en\/?s={search_term_string}\"},\"query-input\":{\"@type\":\"PropertyValueSpecification\",\"valueRequired\":true,\"valueName\":\"search_term_string\"}}],\"inLanguage\":\"it-IT\"},{\"@type\":\"Organization\",\"@id\":\"https:\/\/visitkastav-klana.hr\/en\/#organization\",\"name\":\"Turisti\u010dka zajadnica grada Kastva\",\"url\":\"https:\/\/visitkastav-klana.hr\/en\/\",\"logo\":{\"@type\":\"ImageObject\",\"inLanguage\":\"it-IT\",\"@id\":\"https:\/\/visitkastav-klana.hr\/en\/#\/schema\/logo\/image\/\",\"url\":\"https:\/\/visitkastav-klana.hr\/wp-content\/uploads\/2021\/03\/logo-tz-kastav1.png\",\"contentUrl\":\"https:\/\/visitkastav-klana.hr\/wp-content\/uploads\/2021\/03\/logo-tz-kastav1.png\",\"width\":400,\"height\":347,\"caption\":\"Turisti\u010dka zajadnica grada Kastva\"},\"image\":{\"@id\":\"https:\/\/visitkastav-klana.hr\/en\/#\/schema\/logo\/image\/\"},\"sameAs\":[\"https:\/\/www.facebook.com\/visitkastav\/\",\"https:\/\/www.youtube.com\/user\/tzgradakastva\"]},{\"@type\":\"Person\",\"@id\":\"https:\/\/visitkastav-klana.hr\/en\/#\/schema\/person\/a347227dc696f1deeb02af5da85db453\",\"name\":\"visitkastav_web\",\"image\":{\"@type\":\"ImageObject\",\"inLanguage\":\"it-IT\",\"@id\":\"https:\/\/visitkastav-klana.hr\/en\/#\/schema\/person\/image\/\",\"url\":\"https:\/\/secure.gravatar.com\/avatar\/8db1806ae8931d89d21ed20f81d1498a?s=96&d=mm&r=g\",\"contentUrl\":\"https:\/\/secure.gravatar.com\/avatar\/8db1806ae8931d89d21ed20f81d1498a?s=96&d=mm&r=g\",\"caption\":\"visitkastav_web\"},\"url\":\"https:\/\/visitkastav-klana.hr\/it\/author\/visitkastav_web\/\"}]}<\/script>\n<!-- \/ Yoast SEO plugin. -->","yoast_head_json":{"title":"258. Zeleni Kastav, 4.5.2026. - Visit Kastav","robots":{"index":"index","follow":"follow","max-snippet":"max-snippet:-1","max-image-preview":"max-image-preview:large","max-video-preview":"max-video-preview:-1"},"canonical":"https:\/\/visitkastav-klana.hr\/2026\/04\/29\/258-zeleni-kastav-4-5-2026\/","og_locale":"it_IT","og_type":"article","og_title":"258. Zeleni Kastav, 4.5.2026. - Visit Kastav","og_description":"U tijeku je organizacija jednog dodatnog sajma zbog aktualne potra\u017enje za presadnicama, a koji \u0107e se odr\u017eati u ponedjeljak 04. 05. 2026. od 17:00 do 20:00 sati na \u0160porovoj jami u Kastvu. U slu\u010daju ki\u0161e, sajam \u0107e se odr\u017eati u natkrivenom parkirnom prostoru sportske dvorane Matija Katalini\u0107 u Kastvu. Irena Kukurin Bari\u0107","og_url":"https:\/\/visitkastav-klana.hr\/2026\/04\/29\/258-zeleni-kastav-4-5-2026\/","og_site_name":"Visit Kastav","article_publisher":"https:\/\/www.facebook.com\/visitkastav\/","article_published_time":"2026-04-29T11:06:58+00:00","article_modified_time":"2026-04-29T11:07:01+00:00","og_image":[{"width":2048,"height":1153,"url":"https:\/\/visitkastav-klana.hr\/wp-content\/uploads\/2026\/04\/679558221_1658779389042794_7912662202112550361_n.jpg","type":"image\/jpeg"}],"author":"visitkastav_web","twitter_card":"summary_large_image","twitter_misc":{"Scritto da":"visitkastav_web","Tempo di lettura stimato":"4 minuti"},"schema":{"@context":"https:\/\/schema.org","@graph":[{"@type":"Article","@id":"https:\/\/visitkastav-klana.hr\/2026\/04\/29\/258-zeleni-kastav-4-5-2026\/#article","isPartOf":{"@id":"https:\/\/visitkastav-klana.hr\/2026\/04\/29\/258-zeleni-kastav-4-5-2026\/"},"author":{"name":"visitkastav_web","@id":"https:\/\/visitkastav-klana.hr\/en\/#\/schema\/person\/a347227dc696f1deeb02af5da85db453"},"headline":"258. Zeleni Kastav, 4.5.2026.","datePublished":"2026-04-29T11:06:58+00:00","dateModified":"2026-04-29T11:07:01+00:00","mainEntityOfPage":{"@id":"https:\/\/visitkastav-klana.hr\/2026\/04\/29\/258-zeleni-kastav-4-5-2026\/"},"wordCount":54,"publisher":{"@id":"https:\/\/visitkastav-klana.hr\/en\/#organization"},"image":{"@id":"https:\/\/visitkastav-klana.hr\/2026\/04\/29\/258-zeleni-kastav-4-5-2026\/#primaryimage"},"thumbnailUrl":"https:\/\/visitkastav-klana.hr\/wp-content\/uploads\/2026\/04\/679558221_1658779389042794_7912662202112550361_n.jpg","articleSection":["Vijesti"],"inLanguage":"it-IT"},{"@type":"WebPage","@id":"https:\/\/visitkastav-klana.hr\/2026\/04\/29\/258-zeleni-kastav-4-5-2026\/","url":"https:\/\/visitkastav-klana.hr\/2026\/04\/29\/258-zeleni-kastav-4-5-2026\/","name":"258. Zeleni Kastav, 4.5.2026. - Visit Kastav","isPartOf":{"@id":"https:\/\/visitkastav-klana.hr\/en\/#website"},"primaryImageOfPage":{"@id":"https:\/\/visitkastav-klana.hr\/2026\/04\/29\/258-zeleni-kastav-4-5-2026\/#primaryimage"},"image":{"@id":"https:\/\/visitkastav-klana.hr\/2026\/04\/29\/258-zeleni-kastav-4-5-2026\/#primaryimage"},"thumbnailUrl":"https:\/\/visitkastav-klana.hr\/wp-content\/uploads\/2026\/04\/679558221_1658779389042794_7912662202112550361_n.jpg","datePublished":"2026-04-29T11:06:58+00:00","dateModified":"2026-04-29T11:07:01+00:00","breadcrumb":{"@id":"https:\/\/visitkastav-klana.hr\/2026\/04\/29\/258-zeleni-kastav-4-5-2026\/#breadcrumb"},"inLanguage":"it-IT","potentialAction":[{"@type":"ReadAction","target":["https:\/\/visitkastav-klana.hr\/2026\/04\/29\/258-zeleni-kastav-4-5-2026\/"]}]},{"@type":"ImageObject","inLanguage":"it-IT","@id":"https:\/\/visitkastav-klana.hr\/2026\/04\/29\/258-zeleni-kastav-4-5-2026\/#primaryimage","url":"https:\/\/visitkastav-klana.hr\/wp-content\/uploads\/2026\/04\/679558221_1658779389042794_7912662202112550361_n.jpg","contentUrl":"https:\/\/visitkastav-klana.hr\/wp-content\/uploads\/2026\/04\/679558221_1658779389042794_7912662202112550361_n.jpg","width":2048,"height":1153},{"@type":"BreadcrumbList","@id":"https:\/\/visitkastav-klana.hr\/2026\/04\/29\/258-zeleni-kastav-4-5-2026\/#breadcrumb","itemListElement":[{"@type":"ListItem","position":1,"name":"Po\u010detna stranica","item":"https:\/\/visitkastav-klana.hr\/"},{"@type":"ListItem","position":2,"name":"258. Zeleni Kastav, 4.5.2026."}]},{"@type":"WebSite","@id":"https:\/\/visitkastav-klana.hr\/en\/#website","url":"https:\/\/visitkastav-klana.hr\/en\/","name":"Visit Kastav","description":"Turisti\u010dka zajednica Grada Kastva","publisher":{"@id":"https:\/\/visitkastav-klana.hr\/en\/#organization"},"alternateName":"Visit Kastav","potentialAction":[{"@type":"SearchAction","target":{"@type":"EntryPoint","urlTemplate":"https:\/\/visitkastav-klana.hr\/en\/?s={search_term_string}"},"query-input":{"@type":"PropertyValueSpecification","valueRequired":true,"valueName":"search_term_string"}}],"inLanguage":"it-IT"},{"@type":"Organization","@id":"https:\/\/visitkastav-klana.hr\/en\/#organization","name":"Turisti\u010dka zajadnica grada Kastva","url":"https:\/\/visitkastav-klana.hr\/en\/","logo":{"@type":"ImageObject","inLanguage":"it-IT","@id":"https:\/\/visitkastav-klana.hr\/en\/#\/schema\/logo\/image\/","url":"https:\/\/visitkastav-klana.hr\/wp-content\/uploads\/2021\/03\/logo-tz-kastav1.png","contentUrl":"https:\/\/visitkastav-klana.hr\/wp-content\/uploads\/2021\/03\/logo-tz-kastav1.png","width":400,"height":347,"caption":"Turisti\u010dka zajadnica grada Kastva"},"image":{"@id":"https:\/\/visitkastav-klana.hr\/en\/#\/schema\/logo\/image\/"},"sameAs":["https:\/\/www.facebook.com\/visitkastav\/","https:\/\/www.youtube.com\/user\/tzgradakastva"]},{"@type":"Person","@id":"https:\/\/visitkastav-klana.hr\/en\/#\/schema\/person\/a347227dc696f1deeb02af5da85db453","name":"visitkastav_web","image":{"@type":"ImageObject","inLanguage":"it-IT","@id":"https:\/\/visitkastav-klana.hr\/en\/#\/schema\/person\/image\/","url":"https:\/\/secure.gravatar.com\/avatar\/8db1806ae8931d89d21ed20f81d1498a?s=96&d=mm&r=g","contentUrl":"https:\/\/secure.gravatar.com\/avatar\/8db1806ae8931d89d21ed20f81d1498a?s=96&d=mm&r=g","caption":"visitkastav_web"},"url":"https:\/\/visitkastav-klana.hr\/it\/author\/visitkastav_web\/"}]}},"_links":{"self":[{"href":"https:\/\/visitkastav-klana.hr\/it\/wp-json\/wp\/v2\/posts\/11086"}],"collection":[{"href":"https:\/\/visitkastav-klana.hr\/it\/wp-json\/wp\/v2\/posts"}],"about":[{"href":"https:\/\/visitkastav-klana.hr\/it\/wp-json\/wp\/v2\/types\/post"}],"author":[{"embeddable":true,"href":"https:\/\/visitkastav-klana.hr\/it\/wp-json\/wp\/v2\/users\/3"}],"replies":[{"embeddable":true,"href":"https:\/\/visitkastav-klana.hr\/it\/wp-json\/wp\/v2\/comments?post=11086"}],"version-history":[{"count":1,"href":"https:\/\/visitkastav-klana.hr\/it\/wp-json\/wp\/v2\/posts\/11086\/revisions"}],"predecessor-version":[{"id":11152,"href":"https:\/\/visitkastav-klana.hr\/it\/wp-json\/wp\/v2\/posts\/11086\/revisions\/11152"}],"wp:featuredmedia":[{"embeddable":true,"href":"https:\/\/visitkastav-klana.hr\/it\/wp-json\/wp\/v2\/media\/11111"}],"wp:attachment":[{"href":"https:\/\/visitkastav-klana.hr\/it\/wp-json\/wp\/v2\/media?parent=11086"}],"wp:term":[{"taxonomy":"category","embeddable":true,"href":"https:\/\/visitkastav-klana.hr\/it\/wp-json\/wp\/v2\/categories?post=11086"},{"taxonomy":"post_tag","embeddable":true,"href":"https:\/\/visitkastav-klana.hr\/it\/wp-json\/wp\/v2\/tags?post=11086"}],"curies":[{"name":"wp","href":"https:\/\/api.w.org\/{rel}","templated":true}]}}